{"id":37617,"date":"2022-02-03T16:27:25","date_gmt":"2022-02-03T15:27:25","guid":{"rendered":"https:\/\/www.ozio.eu\/?p=37617"},"modified":"2022-04-07T13:10:42","modified_gmt":"2022-04-07T11:10:42","slug":"pourquoi-et-comment-porter-des-manchettes-de-velo","status":"publish","type":"post","link":"https:\/\/dev-ozio.inwigo.fr\/ozio\/pourquoi-et-comment-porter-des-manchettes-de-velo\/","title":{"rendered":"Pourquoi et comment porter des manchettes de v\u00e9lo ?","gt_translate_keys":[{"key":"rendered","format":"text"}]},"content":{"rendered":"<p>Quand on se lance dans la pratique du cyclisme et que l&rsquo;on souhaite composer la base de sa garde-robe, on se tourne vers les cuissards et maillots mais on fait l&rsquo;impasse sur les accessoires qui peuvent pourtant se montrer tr\u00e8s pratiques ! Aujourd&rsquo;hui, nous allons mettre dans cet article l&rsquo;accent sur les manchettes de v\u00e9lo et vous expliquer en quoi elles peuvent faire toute la diff\u00e9rence lors de vos sorties.<!--more--><\/p>\n<h2>Que sont les manchettes en cyclisme ?<\/h2>\n<p>Comme leur nom l&rsquo;indique, ce sont des pi\u00e8ces de tissus pr\u00e9vues pour servir de manches. Ainsi, elles recouvrent les bras du biceps au poignet pour vous apporter une couche suppl\u00e9mentaire. Port\u00e9es avec un <a href=\"https:\/\/www.ozio.eu\/c\/vetements-velo-homme\/hauts-homme\/maillots-manches-courtes-homme\/\">maillot de v\u00e9lo manches courtes homme<\/a> ou un <a href=\"https:\/\/www.ozio.eu\/c\/vetements-velo-femme\/hauts-femme\/maillots-femme\/maillots-manches-courtes-femme\/\">maillot de v\u00e9lo manches courtes femme<\/a>, elles vont parfaire votre tenue afin que vous en tiriez le maximum et que vos vir\u00e9es \u00e0 v\u00e9lo se d\u00e9roulent le mieux possible, peu importe les al\u00e9as de la nature.<\/p>\n<h2><a href=\"https:\/\/www.ozio.eu\/produit\/manchettes-de-velo\/\" target=\"_blank\" rel=\"noopener\"><img decoding=\"async\" class=\"aligncenter wp-image-37651 size-full\" src=\"https:\/\/www.ozio.eu\/wp-content\/uploads\/2022\/02\/article-manchettes-de-velo-p.jpg\" alt=\"cycliste manchettes de v\u00e9lo bleues\" width=\"600\" height=\"400\" srcset=\"https:\/\/dev-ozio.inwigo.fr\/ozio\/wp-content\/uploads\/2022\/02\/article-manchettes-de-velo-p.jpg 600w, https:\/\/dev-ozio.inwigo.fr\/ozio\/wp-content\/uploads\/2022\/02\/article-manchettes-de-velo-p-300x200.jpg 300w, https:\/\/dev-ozio.inwigo.fr\/ozio\/wp-content\/uploads\/2022\/02\/article-manchettes-de-velo-p-1x1.jpg 1w, https:\/\/dev-ozio.inwigo.fr\/ozio\/wp-content\/uploads\/2022\/02\/article-manchettes-de-velo-p-10x7.jpg 10w\" sizes=\"(max-width: 600px) 100vw, 600px\" \/><\/a><\/h2>\n<h2>Quels sont les avantages \u00e0 porter des manchettes de v\u00e9lo ?<\/h2>\n<p>Les manchettes sont tellement pratiques qu&rsquo;elles peuvent vous servir tout au long de l&rsquo;ann\u00e9e !<\/p>\n<p>Elles pourront \u00eatre port\u00e9es lors des d\u00e9parts \u00e0 la fra\u00eeche : lorsque vous serez r\u00e9chauff\u00e9(e), il suffira ensuite de les glisser dans une poche.<\/p>\n<p>A l\u2019inverse, si les temp\u00e9ratures venaient \u00e0 chuter en cours de sortie, sortez-les de votre poche et enfilez-les pour continuer \u00e0 rouler sans inconfort !<\/p>\n<p>Vous pouvez \u00e9galement les porter pour vous prot\u00e9ger en cas de visite surprise du soleil : vous n\u2019avez pas de cr\u00e8me solaire &#x2600;&#xfe0f; ? Enfilez vos manchettes et prot\u00e9gez vos bras en un clin d&rsquo;\u0153il !<\/p>\n<h2 class=\"western\">Comment choisir votre paire de manchettes de v\u00e9lo ?<\/h2>\n<p>Il existe quelques points d&rsquo;attention concernant le choix de ces accessoires pratiques. En effet, selon la saison, toutes ne se valent pas. Certaines sont uniquement en lycra, celle-ci n&rsquo;ont donc aucune propri\u00e9t\u00e9 thermiques. Elles vous seront surtout utiles si vous souhaitez prot\u00e9ger vos bras des rayons du soleil.<\/p>\n<p>Par contre, si vous souhaitez acheter des manchettes thermiques, v\u00e9rifiez qu&rsquo;elles poss\u00e8dent une tissu technique aux propri\u00e9t\u00e9s r\u00e9chauffantes. Certaines manchettes offrent \u00e9galement une protection hydrofuge ce qui est pratique si vous vivez dans une r\u00e9gion o\u00f9 la pluie s&rsquo;invite souvent&#8230;;) Mais dans ce cas-l\u00e0, opter pour une veste imperm\u00e9able semble plus appropri\u00e9.<\/p>\n<h2><a href=\"https:\/\/www.ozio.eu\/produit\/manchettes-de-velo\/\" target=\"_blank\" rel=\"noopener\"><img decoding=\"async\" class=\"aligncenter wp-image-37645 size-full\" src=\"https:\/\/www.ozio.eu\/wp-content\/uploads\/2022\/02\/article-manchettes-noires.jpg\" alt=\"cycliste manchettes de v\u00e9lo noires\" width=\"600\" height=\"400\" srcset=\"https:\/\/dev-ozio.inwigo.fr\/ozio\/wp-content\/uploads\/2022\/02\/article-manchettes-noires.jpg 600w, https:\/\/dev-ozio.inwigo.fr\/ozio\/wp-content\/uploads\/2022\/02\/article-manchettes-noires-300x200.jpg 300w, https:\/\/dev-ozio.inwigo.fr\/ozio\/wp-content\/uploads\/2022\/02\/article-manchettes-noires-1x1.jpg 1w, https:\/\/dev-ozio.inwigo.fr\/ozio\/wp-content\/uploads\/2022\/02\/article-manchettes-noires-10x7.jpg 10w\" sizes=\"(max-width: 600px) 100vw, 600px\" \/><\/a><\/h2>\n<h2>Quelle taille choisir\u00a0?<\/h2>\n<p>Lorsque vous choisissez vos v\u00eatements de v\u00e9lo, il y a une r\u00e8gle tr\u00e8s importante \u00e0 respecter\u00a0: il faut prendre vos mesures. Ici, les mesures \u00e0 prendre en compte sont la <strong>longueur du bras<\/strong> et le <strong>tour de biceps<\/strong>. C&rsquo;est cette derni\u00e8re mesure qui est la plus importante pour choisir des manchettes adapt\u00e9es \u00e0 vos bras. Eh oui\u00a0! Si vous voulez \u00e9viter qu&rsquo;elles ne glissent, il faut qu&rsquo;elles puissent \u00e9pouser vos biceps parfaitement. Chez Ozio, pour un confort optimal, nos manchettes poss\u00e8dent \u00e9galement une bande \u00e9lastique pour garder en place les manchettes toutefois sans compression excessive\u00a0!<\/p>\n<p>D\u00e9couvrez nos <a href=\"https:\/\/ozio.eu\/c\/accessoires\/genouilleres-jambieres-manchettes\/\">manchettes et autres accessoires mi-saison de v\u00e9lo<\/a>.<\/p>\n<p>Si vous avez besoin d&rsquo;aide ou d&rsquo;un conseil, n&rsquo;h\u00e9sitez pas \u00e0 <a href=\"\/contact\/\">nous contacter<\/a> !<\/p>\n","protected":false,"gt_translate_keys":[{"key":"rendered","format":"html"}]},"excerpt":{"rendered":"<p>Quand on se lance dans la pratique du cyclisme et que l&rsquo;on souhaite composer la base de sa garde-robe, on se tourne vers les cuissards&#8230;<\/p>\n","protected":false,"gt_translate_keys":[{"key":"rendered","format":"html"}]},"author":17,"featured_media":37652,"comment_status":"closed","ping_status":"closed","sticky":false,"template":"","format":"standard","meta":{"_acf_changed":false,"footnotes":""},"categories":[322],"tags":[],"class_list":["post-37617","post","type-post","status-publish","format-standard","has-post-thumbnail","hentry","category-conseils"],"acf":[],"gt_translate_keys":[{"key":"link","format":"url"}],"_links":{"self":[{"href":"https:\/\/dev-ozio.inwigo.fr\/ozio\/wp-json\/wp\/v2\/posts\/37617","targetHints":{"allow":["GET"]}}],"collection":[{"href":"https:\/\/dev-ozio.inwigo.fr\/ozio\/wp-json\/wp\/v2\/posts"}],"about":[{"href":"https:\/\/dev-ozio.inwigo.fr\/ozio\/wp-json\/wp\/v2\/types\/post"}],"author":[{"embeddable":true,"href":"https:\/\/dev-ozio.inwigo.fr\/ozio\/wp-json\/wp\/v2\/users\/17"}],"replies":[{"embeddable":true,"href":"https:\/\/dev-ozio.inwigo.fr\/ozio\/wp-json\/wp\/v2\/comments?post=37617"}],"version-history":[{"count":14,"href":"https:\/\/dev-ozio.inwigo.fr\/ozio\/wp-json\/wp\/v2\/posts\/37617\/revisions"}],"predecessor-version":[{"id":37698,"href":"https:\/\/dev-ozio.inwigo.fr\/ozio\/wp-json\/wp\/v2\/posts\/37617\/revisions\/37698"}],"wp:featuredmedia":[{"embeddable":true,"href":"https:\/\/dev-ozio.inwigo.fr\/ozio\/wp-json\/wp\/v2\/media\/37652"}],"wp:attachment":[{"href":"https:\/\/dev-ozio.inwigo.fr\/ozio\/wp-json\/wp\/v2\/media?parent=37617"}],"wp:term":[{"taxonomy":"category","embeddable":true,"href":"https:\/\/dev-ozio.inwigo.fr\/ozio\/wp-json\/wp\/v2\/categories?post=37617"},{"taxonomy":"post_tag","embeddable":true,"href":"https:\/\/dev-ozio.inwigo.fr\/ozio\/wp-json\/wp\/v2\/tags?post=37617"}],"curies":[{"name":"wp","href":"https:\/\/api.w.org\/{rel}","templated":true}]}}